[{"@context":"https:\/\/schema.org\/","@type":"Article","@id":"https:\/\/www.okpo.cz\/nase-kontejnery\/#Article","mainEntityOfPage":"https:\/\/www.okpo.cz\/nase-kontejnery\/","headline":"Na\u0161e kontejnery","name":"Na\u0161e kontejnery","description":"Na webov\u00e9 str\u00e1nce schoellerallibert.com najdete opravdu r\u016fzn\u00e9 informace o tom, jak vyu\u017e\u00edvat skladov\u00e9 kontejnery nebo IBC kontejnery, kter\u00e9 jsou v posledn\u00ed dob\u011b velmi obl\u00edben\u00e9 a taky hlavn\u011b \u017e\u00e1dan\u00e9. A taky opravdu nen\u00ed na \u0161kodu, kdy\u017e se n\u011bco nau\u010d\u00edte o t\u00e9to firm\u011b. M\u00e1 opravdu skv\u011bl\u00e9 v\u00fdrobky a taky skladov\u00e9 kontejnery, kter\u00e9 se v\u00e1m t\u0159eba budou v<span class=\"post-excerpt-end\">&hellip;<\/span><p class=\"more-link\"><a href=\"https:\/\/www.okpo.cz\/nase-kontejnery\/\" class=\"themebutton\">Read More<\/a><\/p>","datePublished":"2022-12-27","dateModified":"2023-12-13","author":{"@type":"Person","@id":"https:\/\/www.okpo.cz\/author\/#Person","name":"","url":"https:\/\/www.okpo.cz\/author\/","identifier":1,"image":{"@type":"ImageObject","@id":"https:\/\/secure.gravatar.com\/avatar\/baa231f7e1963b29d6549eb0e137b049d877d4e97c51386f463c7d4fc98329bd?s=96&d=mm&r=g","url":"https:\/\/secure.gravatar.com\/avatar\/baa231f7e1963b29d6549eb0e137b049d877d4e97c51386f463c7d4fc98329bd?s=96&d=mm&r=g","height":96,"width":96}},"publisher":{"@type":"Organization","name":"okpo.cz","logo":{"@type":"ImageObject","@id":"\/logo.png","url":"\/logo.png","width":600,"height":60}},"image":{"@type":"ImageObject","@id":"https:\/\/www.okpo.cz\/wp-content\/uploads\/container-4197259_960_720_2.jpg","url":"https:\/\/www.okpo.cz\/wp-content\/uploads\/container-4197259_960_720_2.jpg","height":0,"width":0},"url":"https:\/\/www.okpo.cz\/nase-kontejnery\/","about":["Nakupov\u00e1n\u00ed"],"wordCount":421,"articleBody":"         Na webov\u00e9 str\u00e1nce schoellerallibert.com najdete opravdu r\u016fzn\u00e9 informace o tom, jak vyu\u017e\u00edvat skladov\u00e9 kontejnery nebo IBC kontejnery, kter\u00e9 jsou v posledn\u00ed dob\u011b velmi obl\u00edben\u00e9 a taky hlavn\u011b \u017e\u00e1dan\u00e9. A taky opravdu nen\u00ed na \u0161kodu, kdy\u017e se n\u011bco nau\u010d\u00edte o t\u00e9to firm\u011b. M\u00e1 opravdu skv\u011bl\u00e9 v\u00fdrobky a taky skladov\u00e9 kontejnery, kter\u00e9 se v\u00e1m t\u0159eba budou v budoucnu n\u011bkdy hodit. J\u00e1 jsem v\u017edycky m\u011bla za to, \u017ee m\u011b se nikdy hodit nebudou, jenom\u017ee jednoho dne, kdy\u017e jsem p\u0159i\u0161la o pr\u00e1ci skladnice v obchod\u011b, tak jsem potom nev\u011bd\u011bla, do kter\u00e9 pr\u00e1ce m\u00e1m j\u00edt. P\u0159\u00edtelem mi na\u0161t\u011bst\u00ed \u0159ekl, \u017ee m\u00e1 zn\u00e1m\u00e9ho ve firm\u011b Schoellerallibert, tak\u017ee jsem si \u0159ekla, \u017ee by to t\u0159eba mohlo b\u00fdt opravdu vhodn\u00e9 pro m\u011b. A jak p\u0159\u00edtel \u0159ekl, tak taky ud\u011blal. A ihned za t\u00fdden m\u011b sezn\u00e1mil se sv\u00fdm kamar\u00e1dem, kter\u00fd pracuje ve firm\u011b, kde jsou nap\u0159\u00edklad IBC kontejnery anebo dal\u0161\u00ed plastov\u00e9 palety a dal\u0161\u00ed zbo\u017e\u00ed. Takov\u00e9 v\u011bci, kter\u00e9 \u010dlov\u011bk pot\u0159ebuje ke skladov\u00e1n\u00ed a dal\u0161\u00edch v\u011bcech. Tak\u017ee jsem byla opravdu velice pot\u011b\u0161en\u00e1, kdy\u017e mi p\u0159\u00edtel \u0159ekl, \u017ee bych v t\u00e9to pr\u00e1ci mohla dokonce pracovat. Tak\u017ee jsem p\u0159\u00edteli pod\u011bkovala, proto\u017ee jsem byla velice nad\u0161en\u00e1, \u017ee kone\u010dn\u011b u\u017e m\u016f\u017eu pracovat ve firm\u011b, kde jsem si p\u0159\u00e1la a kde m\u011b to taky bude jist\u011b moc bavit. Nakonec to v\u0161echno dopadlo perfektn\u011b, proto\u017ee si tuto pr\u00e1ci opravdu chv\u00e1l\u00edm a jsem nad\u0161en\u00e1, \u017ee pracuji taky v p\u0159\u00edjemn\u00e9m kolektivu, v jak\u00e9m jsem si p\u0159\u00e1la. Opravdu bych nev\u011bd\u011bla, kam bych \u0161la pracovat, kdybych nem\u011bla p\u0159\u00edtele a p\u0159\u00edtel by nem\u011bl v\u0161echny ty kamar\u00e1dy. Nakonec jsem dopadla tak, nejl\u00e9pe mohlo. A nav\u00edc m\u00e1m taky skv\u011blou v\u00fdplatu, tak\u017ee opravdu ka\u017ed\u00fd den pracuji se skladov\u00fdmi a IBC kontejnery a v\u016fbec si nemohu st\u011b\u017eovat. A taky jsem zjistila, \u017ee IBC kontejnery jsou taky v\u00fdhodn\u00e9 v tom, \u017ee si do nich m\u016f\u017eete d\u00e1t opravdu cokoliv, ov\u0161em ale dbejte hlavn\u011b na to, co a jak tam d\u00e1v\u00e1te. Samoz\u0159ejm\u011b, tak nikdy neskladujte dlouho vlhk\u00e9 v\u011bci, jako nap\u0159\u00edklad \u0161pinav\u00e9 a vlhk\u00e9 boty \u010di oble\u010den\u00ed. Jist\u011b by to dopadlo \u0161patn\u011b.                                                                                                                                                                                                                                                                                                                                                                                          4.5\/5 - (4 votes)        "},{"@context":"https:\/\/schema.org\/","@type":"BreadcrumbList","itemListElement":[{"@type":"ListItem","position":1,"name":"Na\u0161e kontejnery","item":"https:\/\/www.okpo.cz\/nase-kontejnery\/#breadcrumbitem"}]}]