[{"@context":"https:\/\/schema.org\/","@type":"Article","@id":"https:\/\/www.okpo.cz\/nase-lasky\/#Article","mainEntityOfPage":"https:\/\/www.okpo.cz\/nase-lasky\/","headline":"Na\u0161e l\u00e1sky","name":"Na\u0161e l\u00e1sky","description":"Pamatujete si na svou prvn\u00ed l\u00e1sku? J\u00e1 ano. A bylo to ve \u0161kolce. J\u00e1 v\u00edm, \u017ee je to takov\u00e9 vtipn\u00e9, \u017ee prvn\u00ed l\u00e1sky b\u00fdvaj\u00ed v\u017edycky ve \u0161kolce. Nicm\u00e9n\u011b ale sami v\u00edme, \u017ee\u00a0\u0161kolkovsk\u00e1\u00a0l\u00e1ska nem\u00e1 s tou klasickou l\u00e1skou v dosp\u011blosti absolutn\u011b nic spole\u010dn\u00e9ho. Nav\u00edc j\u00e1 si mysl\u00edm, \u017ee mal\u00e9 d\u011bti ve \u0161kolce neberou l\u00e1sku tak jako<span class=\"post-excerpt-end\">&hellip;<\/span><p class=\"more-link\"><a href=\"https:\/\/www.okpo.cz\/nase-lasky\/\" class=\"themebutton\">Read More<\/a><\/p>","datePublished":"2022-05-22","dateModified":"2023-05-22","author":{"@type":"Person","@id":"https:\/\/www.okpo.cz\/author\/#Person","name":"","url":"https:\/\/www.okpo.cz\/author\/","identifier":1,"image":{"@type":"ImageObject","@id":"https:\/\/secure.gravatar.com\/avatar\/baa231f7e1963b29d6549eb0e137b049d877d4e97c51386f463c7d4fc98329bd?s=96&d=mm&r=g","url":"https:\/\/secure.gravatar.com\/avatar\/baa231f7e1963b29d6549eb0e137b049d877d4e97c51386f463c7d4fc98329bd?s=96&d=mm&r=g","height":96,"width":96}},"publisher":{"@type":"Organization","name":"okpo.cz","logo":{"@type":"ImageObject","@id":"\/logo.png","url":"\/logo.png","width":600,"height":60}},"image":{"@type":"ImageObject","@id":"https:\/\/www.okpo.cz\/wp-content\/uploads\/roses-2840765_960_720.jpg","url":"https:\/\/www.okpo.cz\/wp-content\/uploads\/roses-2840765_960_720.jpg","height":0,"width":0},"url":"https:\/\/www.okpo.cz\/nase-lasky\/","about":["L\u00e1ska"],"wordCount":428,"articleBody":"Pamatujete si na svou prvn\u00ed l\u00e1sku? J\u00e1 ano. A bylo to ve \u0161kolce. J\u00e1 v\u00edm, \u017ee je to takov\u00e9 vtipn\u00e9, \u017ee prvn\u00ed l\u00e1sky b\u00fdvaj\u00ed v\u017edycky ve \u0161kolce. Nicm\u00e9n\u011b ale sami v\u00edme, \u017ee\u00a0\u0161kolkovsk\u00e1\u00a0l\u00e1ska nem\u00e1 s tou klasickou l\u00e1skou v dosp\u011blosti absolutn\u011b nic spole\u010dn\u00e9ho. Nav\u00edc j\u00e1 si mysl\u00edm, \u017ee mal\u00e9 d\u011bti ve \u0161kolce neberou l\u00e1sku tak jako my v dosp\u011blosti, ale tak, \u017ee si dv\u011b d\u011bti jsou sob\u011b sympatick\u00e9 a kamar\u00e1d\u00ed spolu. Proto\u017ee si pamatuji, \u017ee m\u016fj bratr se n\u011bjak v osmi letech jenom na oko o\u017eenil s mou nejlep\u0161\u00ed kamar\u00e1dkou. M\u011bli kr\u00e1snou svatbu, kr\u00e1sn\u00e1 d\u011btsk\u00e1 a vesel\u00e1. My jsme byli d\u011bti a opravdu n\u00e1s to bavilo. Ale je logick\u00e9, \u017ee spolu ale samoz\u0159ejm\u011b nevydr\u017eeli, co\u017e jist\u011b ka\u017ed\u00e9mu dojde.Nyn\u00ed m\u00e1 ka\u017ed\u00fd sv\u00e9 rodiny, a dokonce moje nejlep\u0161\u00ed kamar\u00e1dka se p\u0159ed deseti lety odst\u011bhovala sto pades\u00e1t kilometr\u016f od rodn\u00e9ho m\u011bsta. Mus\u00edm \u0159\u00edct, \u017ee mi to hodn\u011b mrzelo. Tak\u017ee tady jde vid\u011bt, \u017ee nen\u00ed l\u00e1ska jako l\u00e1ska. Nav\u00edc taky l\u00e1ska m\u00e1 r\u016fzn\u00e9 zp\u016fsoby, jak se vyjad\u0159uje. L\u00e1ska m\u016f\u017ee b\u00fdt tak\u00e9 mate\u0159sk\u00e1 anebo l\u00e1ska k n\u011bkter\u00e9 v\u011bci. J\u00e1 m\u00e1m toti\u017e obl\u00edben\u00e9ho jednoho ply\u0161ov\u00e9ho medv\u00eddka, kter\u00e9mu je skoro sto let.Dostala jsem ho od sv\u00e9 prababi\u010dky, kter\u00e1 ho taky od n\u011bkoho dostala. V\u016fbec nev\u00edm, jak\u00fd je jeho p\u016fvod. A j\u00e1 mus\u00edm \u0159\u00edct, \u017ee j\u00e1 toho ply\u0161ov\u00e9ho medv\u00eddka opravdu miluji. Tedy on medv\u00eddek nen\u00ed ply\u0161ov\u00fd, ale je sp\u00ed\u0161 ze sl\u00e1my, a je\u0161t\u011b st\u00e1le p\u00edsk\u00e1, co\u017e je prima. Medv\u00eddek je opravdu zachoval\u00fd, na to, \u017ee je velmi star\u00fd. A je opravdu roztomil\u00fd a mysl\u00edm si, \u017ee kdybyste toho medv\u00eddka taky vid\u011bli, tak si ho jist\u011b taky samoz\u0159ejm\u011b zamilujete jako j\u00e1. A \u017ee to bude l\u00e1ska na prvn\u00ed pohled. A kdy\u017e u\u017e jsme u l\u00e1sky na prvn\u00ed pohled. V\u011b\u0159\u00edte na\u00a0takovou\u00a0l\u00e1sku nebo ne? J\u00e1 abych\u00a0se\u00a0p\u0159iznala, tak ani p\u0159esn\u011b nev\u00edm. Je jasn\u00e9, \u017ee n\u011bkdo mi do oka padne b\u011bhem t\u0159\u00ed sekund, ale kdy\u017e jeho chov\u00e1n\u00ed bude hulv\u00e1tsk\u00e9, tak t\u011b\u017eko z toho bude prav\u00e1 l\u00e1ska. A jist\u011b v\u00a0tomto\u00a0n\u00e1zoru nejsem sama.\u00a0                                                                                                                                                                                                                                                                                                                                                                                        3.9\/5 - (7 votes)        "},{"@context":"https:\/\/schema.org\/","@type":"BreadcrumbList","itemListElement":[{"@type":"ListItem","position":1,"name":"Na\u0161e l\u00e1sky","item":"https:\/\/www.okpo.cz\/nase-lasky\/#breadcrumbitem"}]}]