[{"@context":"https:\/\/schema.org\/","@type":"Article","@id":"https:\/\/www.okpo.cz\/slyseli-jste-uz-o-bytech-na-praze-vychod\/#Article","mainEntityOfPage":"https:\/\/www.okpo.cz\/slyseli-jste-uz-o-bytech-na-praze-vychod\/","headline":"Sly\u0161eli jste u\u017e o bytech na Praze v\u00fdchod?","name":"Sly\u0161eli jste u\u017e o bytech na Praze v\u00fdchod?","description":"Tak si poj\u010fte poslechnout, co v\u00e1m nab\u00edzej\u00ed. Kdo tou\u017e\u00ed po prost\u0159ed\u00ed, kde je spousta zelen\u011b, p\u0159\u00e1telsk\u00e9 atmosf\u00e9ry a m\u00e1lo hluku a rozjet\u00fdch tramvaj\u00ed, tak tady najde p\u0159esn\u011b to, co hled\u00e1. Modern\u00ed interi\u00e9r s balkonem, \u010di terasou a dokonce i mo\u017enou p\u0159edzahr\u00e1dkou, uchv\u00e1t\u00ed skv\u011bl\u00fdm v\u00fdb\u011brem materi\u00e1l\u016f a designem. U\u017e p\u0159i vstupu budete m\u00edt vizi, jak si<span class=\"post-excerpt-end\">&hellip;<\/span><p class=\"more-link\"><a href=\"https:\/\/www.okpo.cz\/slyseli-jste-uz-o-bytech-na-praze-vychod\/\" class=\"themebutton\">Read More<\/a><\/p>","datePublished":"2023-12-01","dateModified":"2023-12-01","author":{"@type":"Person","@id":"https:\/\/www.okpo.cz\/author\/#Person","name":"","url":"https:\/\/www.okpo.cz\/author\/","identifier":1,"image":{"@type":"ImageObject","@id":"https:\/\/secure.gravatar.com\/avatar\/baa231f7e1963b29d6549eb0e137b049d877d4e97c51386f463c7d4fc98329bd?s=96&d=mm&r=g","url":"https:\/\/secure.gravatar.com\/avatar\/baa231f7e1963b29d6549eb0e137b049d877d4e97c51386f463c7d4fc98329bd?s=96&d=mm&r=g","height":96,"width":96}},"publisher":{"@type":"Organization","name":"okpo.cz","logo":{"@type":"ImageObject","@id":"\/logo.png","url":"\/logo.png","width":600,"height":60}},"url":"https:\/\/www.okpo.cz\/slyseli-jste-uz-o-bytech-na-praze-vychod\/","wordCount":220,"articleBody":"Tak si poj\u010fte poslechnout, co v\u00e1m nab\u00edzej\u00ed. Kdo tou\u017e\u00ed po prost\u0159ed\u00ed, kde je spousta zelen\u011b, p\u0159\u00e1telsk\u00e9 atmosf\u00e9ry a m\u00e1lo hluku a rozjet\u00fdch tramvaj\u00ed, tak tady najde p\u0159esn\u011b to, co hled\u00e1. Modern\u00ed interi\u00e9r s balkonem, \u010di terasou a dokonce i mo\u017enou p\u0159edzahr\u00e1dkou, uchv\u00e1t\u00ed skv\u011bl\u00fdm v\u00fdb\u011brem materi\u00e1l\u016f a designem. U\u017e p\u0159i vstupu budete m\u00edt vizi, jak si jej za\u0159\u00edd\u00edte, a co kam postav\u00edte nebo polo\u017e\u00edte. Modern\u00ed prvky v\u00e1m poskytnou pot\u0159ebn\u00fd komfort, jako ve m\u011bst\u011b a z\u00e1rove\u0148 v\u00e1s uvedou do prost\u0159ed\u00ed, kde budete m\u00edt klid pro sebe i rodinu, klid na pr\u00e1ci i svoje kon\u00ed\u010dky.P\u0159edstavy, kter\u00e9 p\u0159ech\u00e1zej\u00ed v realituV bytech na Praze v\u00fdchod budete m\u00edt pocit, \u017ee jste v dom\u011b. Vytvo\u0159\u00edte si tak p\u0159\u00edjemn\u00e9 prost\u0159ed\u00ed, ve kter\u00e9m o prostory a soukrom\u00ed nebudete m\u00edt nouzi. Plovouc\u00ed podlahy, keramick\u00e1 dla\u017eba a obklady, plastov\u00e9 okna, modern\u00ed vana, wc i umyvadlo, to v\u0161echno spl\u0148uje komfort, jak\u00fd v dne\u0161n\u00ed modern\u00ed dob\u011b vy\u017eadujete. Celkov\u00fd dojem z interi\u00e9ru dopl\u0148uj\u00ed modern\u00ed vchodov\u00e9 i interi\u00e9rov\u00e9 dve\u0159e. Kone\u010dn\u011b domov, jak\u00fd jste si sami p\u0159edstavovali.                                                                                                                                                                                                                                                                                                                                                                                        4.6\/5 - (8 votes)        "},{"@context":"https:\/\/schema.org\/","@type":"BreadcrumbList","itemListElement":[{"@type":"ListItem","position":1,"name":"Sly\u0161eli jste u\u017e o bytech na Praze v\u00fdchod?","item":"https:\/\/www.okpo.cz\/slyseli-jste-uz-o-bytech-na-praze-vychod\/#breadcrumbitem"}]}]